{"id":1306,"date":"2025-07-10T12:20:52","date_gmt":"2025-07-10T20:20:52","guid":{"rendered":"https:\/\/discursodasmidias.com.br\/?p=1306"},"modified":"2025-07-10T12:59:06","modified_gmt":"2025-07-10T20:59:06","slug":"a-miopia-de-marketing-no-varejo-quando-o-digital-vira-bengala-para-a-falta-de-planejamento","status":"publish","type":"post","link":"https:\/\/discursodasmidias.com.br\/?p=1306","title":{"rendered":"A miopia de marketing no varejo: quando o \u201cDigital\u201d vira bengala para a falta de Planejamento."},"content":{"rendered":"[\/caption]Voc\u00ea provavelmente j\u00e1 ouviu \u2014 ou disse \u2014 a frase: \u201cPrecisamos fazer marketing digital\u201d. \u00c9 quase um mantra repetido no varejo. O problema? Essa express\u00e3o, t\u00e3o comum, revela uma miopia perigosa que tem contaminado a gest\u00e3o de muitos neg\u00f3cios.<\/p>\n<p><strong>Chamar &#8220;marketing digital&#8221; de &#8220;o marketing&#8221; \u00e9 o sintoma mais evidente de quem reduziu uma ci\u00eancia estrat\u00e9gica a um conjunto de posts no Instagram. \u00c9 tamb\u00e9m um retrato fiel de uma gest\u00e3o que ignora o papel fundamental do ponto de venda, dos canais de contato com o cliente, da promo\u00e7\u00e3o no ambiente f\u00edsico e, principalmente, a aus\u00eancia de um PLANO DE MARKETING estruturado.<\/strong><\/p>\n<p><strong>Marketing n\u00e3o \u00e9 m\u00eddia<\/strong><br \/>\nMarketing n\u00e3o \u00e9 an\u00fancio. Marketing n\u00e3o \u00e9 rede social. Marketing n\u00e3o \u00e9 campanha. Isso tudo \u00e9 apenas uma fra\u00e7\u00e3o \u2014 a parte vis\u00edvel \u2014 de algo muito maior: um processo estrat\u00e9gico que conecta marca, produto, pre\u00e7o, pra\u00e7a e promo\u00e7\u00e3o a um objetivo de neg\u00f3cio.<\/p>\n<p>Quando o marketing \u00e9 reduzido \u00e0 esfera digital, a <strong>empresa passa a operar no modo t\u00e1tico, nunca estrat\u00e9gico<\/strong>. Age por impulso, porque o concorrente lan\u00e7ou algo novo ou porque \u201cfaz tempo que n\u00e3o postamos nada\u201d. Esse comportamento \u00e9 reativo, amador e altamente ineficaz no longo prazo.<\/p>\n<p><strong>O Ponto de Venda ainda \u00e9 o cora\u00e7\u00e3o do varejo<\/strong><br \/>\nIgnorar o PDV como ambiente sensorial, de experi\u00eancia e de convers\u00e3o \u00e9 outro erro cl\u00e1ssico. Muitas marcas investem pesado em campanhas online e se esquecem de treinar vendedores, sinalizar promo\u00e7\u00f5es corretamente ou criar a\u00e7\u00f5es promocionais que gerem movimento no ch\u00e3o da loja.<\/p>\n<p>\u00c9 como jogar gasolina no motor&#8230; com o tanque furado.<br \/>\n<strong>Sem a integra\u00e7\u00e3o entre marketing e opera\u00e7\u00e3o, todo esfor\u00e7o de visibilidade vira vaidade.<\/strong><\/p>\n<p><strong>O digital como ferramenta, n\u00e3o como diagn\u00f3stico.<\/strong><br \/>\n<strong>N\u00e3o se trata de desmerecer o digital. Pelo contr\u00e1rio. Ele \u00e9 parte essencial de qualquer plano moderno de marketing. Mas quando vira a \u00fanica via de atua\u00e7\u00e3o, ele assume o papel errado: o de solu\u00e7\u00e3o m\u00e1gica. E n\u00e3o existe m\u00e1gica em gest\u00e3o.<\/strong><\/p>\n<p>Sem um plano coerente \u2014 com objetivos claros, segmenta\u00e7\u00e3o de p\u00fablico, defini\u00e7\u00e3o de canais, calend\u00e1rio promocional, metas e m\u00e9tricas \u2014 o marketing digital vira um tiro no escuro com cronograma bonitinho.<\/p>\n<p><strong>Consequ\u00eancias da falta de planejamento<\/strong><br \/>\nA aus\u00eancia de planejamento de marketing compromete toda a cadeia de resultados:<\/p>\n<p>\u2022 Campanhas desconectadas da realidade da loja<\/p>\n<p>\u2022 Investimentos jogados fora por n\u00e3o gerar convers\u00e3o<\/p>\n<p>\u2022 Vendedores evasivos desmotivados sem a\u00e7\u00e3o ou ambi\u00e7\u00e3o promocional interna<\/p>\n<p>\u2022 Marcas que se tornam irrelevantes porque s\u00f3 falam em \u201cpostar\u201d<\/p>\n<p>\u2022 Clientes sem est\u00edmulo para visitar a loja f\u00edsica ou online.<\/p>\n<p><strong>O que fazer?<\/strong><\/p>\n<p>Repense o papel do marketing dentro da sua empresa: ele \u00e9 estrat\u00e9gia, n\u00e3o s\u00f3 execu\u00e7\u00e3o.<\/p>\n<p>Reintegre o PDV ao centro das decis\u00f5es promocionais, trabalhando o ambiente como extens\u00e3o da experi\u00eancia de marca.<\/p>\n<p>Elabore um plano anual de marketing, com metas comerciais claras, calend\u00e1rio de a\u00e7\u00f5es e campanhas casadas (loja f\u00edsica + online).<\/p>\n<p>Use o digital como canal de suporte e amplifica\u00e7\u00e3o, n\u00e3o como o ponto de partida.<\/p>\n<p>Eduque sua equipe: <strong>marketing n\u00e3o \u00e9 tarefa do social media<\/strong>. \u00c9 uma engrenagem que precisa rodar em todas as \u00e1reas da empresa.<\/p>\n<p>Enquanto alguns gestores insistirem em chamar &#8220;marketing&#8221; de &#8220;o post do Instagram&#8221;, v\u00e3o continuar no rastro da concorr\u00eancia, apagando inc\u00eandios com stories e colhendo likes em vez de lucro.<br \/>\nO marketing que gera resultado nasce do planejamento, da integra\u00e7\u00e3o e do entendimento de que o varejo come\u00e7a \u2014 e termina \u2014 no cliente. Seja no feed, na vitrine ou no caixa.<\/p>\n<p><strong>A pergunta que fica \u00e9: sua empresa est\u00e1 fazendo marketing ou apenas alimentando o algoritmo?<\/strong><\/p>\n","protected":false},"excerpt":{"rendered":"Voc\u00ea provavelmente j\u00e1 ouviu \u2014 ou disse \u2014 a frase: \u201cPrecisamos fazer marketing digital\u201d. \u00c9 quase um mantra repetido no varejo. O problema? Essa express\u00e3o, &hellip;","protected":false},"author":1,"featured_media":0,"comment_status":"closed","ping_status":"closed","sticky":false,"template":"","format":"standard","meta":{"footnotes":""},"categories":[1],"tags":[],"class_list":["post-1306","post","type-post","status-publish","format-standard","hentry","category-marketing"],"_links":{"self":[{"href":"https:\/\/discursodasmidias.com.br\/index.php?rest_route=\/wp\/v2\/posts\/1306","targetHints":{"allow":["GET"]}}],"collection":[{"href":"https:\/\/discursodasmidias.com.br\/index.php?rest_route=\/wp\/v2\/posts"}],"about":[{"href":"https:\/\/discursodasmidias.com.br\/index.php?rest_route=\/wp\/v2\/types\/post"}],"author":[{"embeddable":true,"href":"https:\/\/discursodasmidias.com.br\/index.php?rest_route=\/wp\/v2\/users\/1"}],"replies":[{"embeddable":true,"href":"https:\/\/discursodasmidias.com.br\/index.php?rest_route=%2Fwp%2Fv2%2Fcomments&post=1306"}],"version-history":[{"count":4,"href":"https:\/\/discursodasmidias.com.br\/index.php?rest_route=\/wp\/v2\/posts\/1306\/revisions"}],"predecessor-version":[{"id":1312,"href":"https:\/\/discursodasmidias.com.br\/index.php?rest_route=\/wp\/v2\/posts\/1306\/revisions\/1312"}],"wp:attachment":[{"href":"https:\/\/discursodasmidias.com.br\/index.php?rest_route=%2Fwp%2Fv2%2Fmedia&parent=1306"}],"wp:term":[{"taxonomy":"category","embeddable":true,"href":"https:\/\/discursodasmidias.com.br\/index.php?rest_route=%2Fwp%2Fv2%2Fcategories&post=1306"},{"taxonomy":"post_tag","embeddable":true,"href":"https:\/\/discursodasmidias.com.br\/index.php?rest_route=%2Fwp%2Fv2%2Ftags&post=1306"}],"curies":[{"name":"wp","href":"https:\/\/api.w.org\/{rel}","templated":true}]}}